{"id":2194,"date":"2024-07-03T14:25:47","date_gmt":"2024-07-03T11:25:47","guid":{"rendered":"https:\/\/gokselaksel.com\/blog\/?p=2194"},"modified":"2024-07-03T15:15:23","modified_gmt":"2024-07-03T12:15:23","slug":"merih-demiral-bozkurt-isareti","status":"publish","type":"post","link":"https:\/\/gokselaksel.com\/blog\/merih-demiral-bozkurt-isareti\/","title":{"rendered":"Merih Demiral Bozkurt \u0130\u015fareti"},"content":{"rendered":"<p id=\"content\" class=\"bbc-14gqcmb e1p3vdyi0\" tabindex=\"-1\"><strong>UEFA, &#8216;bozkurt i\u015faretli&#8217; gol sevinci nedeniyle Merih Demiral hakk\u0131nda soru\u015fturma ba\u015flatt\u0131, Bah\u00e7eli tepki g\u00f6sterdi<\/strong><!--more--><\/p>\n<div class=\"bbc-19j92fr ebmt73l0\" dir=\"ltr\">\n<p class=\"bbc-hhl7in e17g058b0\" dir=\"ltr\"><b>Avrupa Futbol Federasyonlar\u0131 Birli\u011fi (UEFA) d\u00fcn oynanan T\u00fcrkiye-Avusturya ma\u00e7\u0131ndaki gol sevinci nedeniyle Merih Demiral hakk\u0131nda soru\u015fturma ba\u015flatt\u0131. Demiral, att\u0131\u011f\u0131 ikinci golden sonra bozkurt i\u015fareti yapm\u0131\u015ft\u0131.<\/b><\/p>\n<\/div>\n<div class=\"bbc-19j92fr ebmt73l0\" dir=\"ltr\">\n<p class=\"bbc-hhl7in e17g058b0\" dir=\"ltr\">UEFA, soru\u015fturman\u0131n &#8220;uygunsuz davran\u0131\u015f&#8221; iddias\u0131yla ba\u015flat\u0131ld\u0131\u011f\u0131n\u0131 duyuruldu.<\/p>\n<\/div>\n<div class=\"bbc-19j92fr ebmt73l0\" dir=\"ltr\">\n<p class=\"bbc-hhl7in e17g058b0\" dir=\"ltr\">Yap\u0131lan a\u00e7\u0131klamada, soru\u015fturman\u0131n UEFA Disiplin Y\u00f6netmeli\u011fi&#8217;nin 31(4) maddesi uyar\u0131nca a\u00e7\u0131ld\u0131\u011f\u0131 belirtildi.<\/p>\n<\/div>\n<div class=\"bbc-19j92fr ebmt73l0\" dir=\"ltr\">\n<p class=\"bbc-hhl7in e17g058b0\" dir=\"ltr\">S\u00f6z konusu madde futbol sahalar\u0131nda &#8220;siyasi, ideolojik, dini veya \u0131rksal propaganda i\u00e7eren her t\u00fcrl\u00fc davran\u0131\u015f\u0131&#8221; yasakl\u0131yor.<\/p>\n<p dir=\"ltr\">UEFA&#8217;dan yaplan a\u00e7\u0131klamada ayr\u0131ca konuyla ilgili olarak ilerleyen g\u00fcnlerde daha detayl\u0131 bilgi verilece\u011fi kaydedildi.<\/p>\n<p dir=\"ltr\">Kaynak: <a href=\"https:\/\/www.bbc.com\/turkce\/articles\/cw4ypqg90jyo\">BBC<\/a><\/p>\n<\/div>\n","protected":false},"excerpt":{"rendered":"<p>UEFA, &#8216;bozkurt i\u015faretli&#8217; gol sevinci nedeniyle Merih Demiral hakk\u0131nda soru\u015fturma ba\u015flatt\u0131, Bah\u00e7eli tepki g\u00f6sterdi<\/p>\n","protected":false},"author":4,"featured_media":2195,"comment_status":"open","ping_status":"open","sticky":false,"template":"","format":"standard","meta":{"footnotes":""},"categories":[1],"tags":[377,378,375,373,374,376],"class_list":["post-2194","post","type-post","status-publish","format-standard","has-post-thumbnail","hentry","category-haber","tag-bozkurt","tag-bozkurt-turk-tarihi","tag-demiral-bozkurt-isareti","tag-merih-demiral","tag-merih-demiral-bozkurt","tag-uefa-ceza"],"_links":{"self":[{"href":"https:\/\/gokselaksel.com\/blog\/wp-json\/wp\/v2\/posts\/2194","targetHints":{"allow":["GET"]}}],"collection":[{"href":"https:\/\/gokselaksel.com\/blog\/wp-json\/wp\/v2\/posts"}],"about":[{"href":"https:\/\/gokselaksel.com\/blog\/wp-json\/wp\/v2\/types\/post"}],"author":[{"embeddable":true,"href":"https:\/\/gokselaksel.com\/blog\/wp-json\/wp\/v2\/users\/4"}],"replies":[{"embeddable":true,"href":"https:\/\/gokselaksel.com\/blog\/wp-json\/wp\/v2\/comments?post=2194"}],"version-history":[{"count":1,"href":"https:\/\/gokselaksel.com\/blog\/wp-json\/wp\/v2\/posts\/2194\/revisions"}],"predecessor-version":[{"id":2196,"href":"https:\/\/gokselaksel.com\/blog\/wp-json\/wp\/v2\/posts\/2194\/revisions\/2196"}],"wp:featuredmedia":[{"embeddable":true,"href":"https:\/\/gokselaksel.com\/blog\/wp-json\/wp\/v2\/media\/2195"}],"wp:attachment":[{"href":"https:\/\/gokselaksel.com\/blog\/wp-json\/wp\/v2\/media?parent=2194"}],"wp:term":[{"taxonomy":"category","embeddable":true,"href":"https:\/\/gokselaksel.com\/blog\/wp-json\/wp\/v2\/categories?post=2194"},{"taxonomy":"post_tag","embeddable":true,"href":"https:\/\/gokselaksel.com\/blog\/wp-json\/wp\/v2\/tags?post=2194"}],"curies":[{"name":"wp","href":"https:\/\/api.w.org\/{rel}","templated":true}]}}