{"id":2188,"date":"2024-07-03T14:19:05","date_gmt":"2024-07-03T11:19:05","guid":{"rendered":"https:\/\/gokselaksel.com\/blog\/?p=2188"},"modified":"2024-07-03T14:19:05","modified_gmt":"2024-07-03T11:19:05","slug":"arga-guler-avrupa-sampiyonasi-tarihine-gecti","status":"publish","type":"post","link":"https:\/\/gokselaksel.com\/blog\/arga-guler-avrupa-sampiyonasi-tarihine-gecti\/","title":{"rendered":"Arga G\u00fcler, Avrupa \u015eampiyonas\u0131 tarihine ge\u00e7ti."},"content":{"rendered":"<p class=\"category-detail-title\"><strong>Arda G\u00fcler, Avrupa \u015eampiyonas\u0131 tarihine ge\u00e7ti<\/strong><!--more--><\/p>\n<p class=\"category-detail-sub-title\">Euro 2024&#8217;te A Milli Tak\u0131m, Avusturya&#8217;y\u0131 2-1 yenerek \u00e7eyrek finale y\u00fckseldi. Milli Tak\u0131m&#8217;\u0131n gen\u00e7 y\u0131ld\u0131z aday\u0131 Arda G\u00fcler, Avrupa \u015eampiyonas\u0131 tarihine ge\u00e7ti.<\/p>\n<p>Ay-y\u0131ld\u0131zl\u0131lar, tarihinde ikinci kez \u00e7eyrek finale y\u00fckseldi. Arda G\u00fcler, Avusturya ma\u00e7\u0131nda yapt\u0131\u011f\u0131 asistle Avrupa \u015eampiyonas\u0131 tarihine ge\u00e7ti.<\/p>\n<h3>ARDA G\u00dcLER, WAYNE ROONEY VE RONALDO<\/h3>\n<p>Opta&#8217;n\u0131n verilerine g\u00f6re Arda G\u00fcler, Wayne Rooney ve Cristiano Ronaldo&#8217;nun ard\u0131ndan Avrupa \u015eampiyonalar\u0131 tarihinde hem gol hem de asist yapan 20 ya\u015f alt\u0131ndaki ilk futbolcu oldu.<\/p>\n<p>G\u00fcrcistan ma\u00e7\u0131nda gol atan Arda G\u00fcler, Avusturya ma\u00e7\u0131nda asist yapt\u0131.<\/p>\n<p>Kaynak: <a href=\"https:\/\/www.ntvspor.net\/futbol\/arda-guler-avrupa-sampiyonasi-tarihine-gecti-668474531ace45004f311a44\">NTV<\/a><\/p>\n","protected":false},"excerpt":{"rendered":"<p>Arda G\u00fcler, Avrupa \u015eampiyonas\u0131 tarihine ge\u00e7ti<\/p>\n","protected":false},"author":4,"featured_media":2189,"comment_status":"open","ping_status":"open","sticky":false,"template":"","format":"standard","meta":{"footnotes":""},"categories":[1],"tags":[370,369,365,366,367,368],"class_list":["post-2188","post","type-post","status-publish","format-standard","has-post-thumbnail","hentry","category-haber","tag-a-milli-takim","tag-arda","tag-arda-guler","tag-euro-2024","tag-turk-milli-takimi","tag-turkiye-milli"],"_links":{"self":[{"href":"https:\/\/gokselaksel.com\/blog\/wp-json\/wp\/v2\/posts\/2188","targetHints":{"allow":["GET"]}}],"collection":[{"href":"https:\/\/gokselaksel.com\/blog\/wp-json\/wp\/v2\/posts"}],"about":[{"href":"https:\/\/gokselaksel.com\/blog\/wp-json\/wp\/v2\/types\/post"}],"author":[{"embeddable":true,"href":"https:\/\/gokselaksel.com\/blog\/wp-json\/wp\/v2\/users\/4"}],"replies":[{"embeddable":true,"href":"https:\/\/gokselaksel.com\/blog\/wp-json\/wp\/v2\/comments?post=2188"}],"version-history":[{"count":1,"href":"https:\/\/gokselaksel.com\/blog\/wp-json\/wp\/v2\/posts\/2188\/revisions"}],"predecessor-version":[{"id":2190,"href":"https:\/\/gokselaksel.com\/blog\/wp-json\/wp\/v2\/posts\/2188\/revisions\/2190"}],"wp:featuredmedia":[{"embeddable":true,"href":"https:\/\/gokselaksel.com\/blog\/wp-json\/wp\/v2\/media\/2189"}],"wp:attachment":[{"href":"https:\/\/gokselaksel.com\/blog\/wp-json\/wp\/v2\/media?parent=2188"}],"wp:term":[{"taxonomy":"category","embeddable":true,"href":"https:\/\/gokselaksel.com\/blog\/wp-json\/wp\/v2\/categories?post=2188"},{"taxonomy":"post_tag","embeddable":true,"href":"https:\/\/gokselaksel.com\/blog\/wp-json\/wp\/v2\/tags?post=2188"}],"curies":[{"name":"wp","href":"https:\/\/api.w.org\/{rel}","templated":true}]}}