{"id":2171,"date":"2024-06-06T18:57:38","date_gmt":"2024-06-06T15:57:38","guid":{"rendered":"https:\/\/gokselaksel.com\/blog\/?p=2171"},"modified":"2024-06-06T18:58:57","modified_gmt":"2024-06-06T15:58:57","slug":"gokselden-hashtag-mukremingezgin-pinarkerimoglu","status":"publish","type":"post","link":"https:\/\/gokselaksel.com\/blog\/gokselden-hashtag-mukremingezgin-pinarkerimoglu\/","title":{"rendered":"G\u00f6ksel&#8217;den Hashtag: #M\u00fckreminGezgin #P\u0131narKerimo\u011flu"},"content":{"rendered":"<p>Son zamanlarda sosyal medyadan takibe ald\u0131\u011f\u0131m ve i\u00e7eriklerini sevimli, e\u011flenceli buldu\u011fun bir isim P\u0131nar Kerimo\u011flu. \u00dcnl\u00fc modac\u0131 d\u00f6rt y\u0131l \u00f6nce benim de yapt\u0131\u011f\u0131m formata benzer yeni nesil bir t\u00fcr &#8220;talk-show&#8221; haz\u0131rlay\u0131p sunuyor. En son M\u00fckremin Gezgin isimli sosyal medya fenomenini konuk ald\u0131\u011f\u0131na dair tan\u0131t\u0131m\u0131n\u0131 g\u00f6rd\u00fcm. Tan\u0131t\u0131mda M\u00fckremin Gezgin yine bir \u015feylere isyan ediyordu&#8230;<!--more--><\/p>\n<p>P\u0131nar Han\u0131m&#8217;\u0131n M\u00fckremin Gezgin&#8217;i konuk ald\u0131\u011f\u0131 b\u00f6l\u00fcm\u00fc tan\u0131tt\u0131\u011f\u0131 &#8220;reels&#8221; payla\u015f\u0131m\u0131nda M\u00fckremin, &#8220;g\u00f6\u011f\u00fcs ameliyat\u0131 olamad\u0131\u011f\u0131n\u0131&#8221; s\u00f6yleyip bir anda takma g\u00f6\u011f\u00fcslerini \u00e7\u0131kar\u0131p f\u0131rlat\u0131yor ve &#8220;b\u0131kt\u0131m bunlarla gezmekten&#8221; tarz\u0131nda bir ifade kullan\u0131yor. Bahsi ge\u00e7en videoda sarf etti\u011fi baz\u0131 c\u00fcmleler \u015fu \u015fekilde; &#8220;G\u00f6\u011f\u00fcs ameliyat\u0131 olamad\u0131m maalesef ki, her zamanki gibi zorluklar, \u00e7\u0131ld\u0131rmak \u00fczereyim, valla bak (bu noktada takma g\u00f6\u011fs\u00fc ya da s\u00fctyeni \u00e7\u0131kar\u0131p at\u0131yor); T\u00fcrkiye&#8217;nin insanlar\u0131n art\u0131k \u00f6ng\u00f6r\u00fclerinden (\u00f6nyarg\u0131 demek istiyor ama l\u00fbgat\u0131 yetmiyor diye d\u00fc\u015f\u00fcn\u00fcyorum) usand\u0131m&#8221; diye hayk\u0131r\u0131yor a\u011flamakl\u0131 \u015fekilde. Sonra yane T\u00fcrk halk\u0131na sitem etmeye devam ediyor&#8230;<\/p>\n<p style=\"text-align: center;\"><strong>&#8220;T\u00fcrkiye&#8217;nin Laflar\u0131, \u0130nsanlar\u0131n Homofobik\u00e7e Davranmalar\u0131!&#8221;<\/strong><\/p>\n<p>Videoda P\u0131nar Kerimo\u011flu M\u00fckremin&#8217;in kendini ifade etme bi\u00e7iminden \u00f6t\u00fcr\u00fc ciddi anlamda \u015fok ge\u00e7irirken, M\u00fckremin sitemine devam ediyor; &#8220;ben art\u0131k tamamen kad\u0131n olmak istiyorum, T\u00fcrkiye&#8217;nin laflar\u0131, insanlar\u0131n homofobik\u00e7e davranmalar\u0131, LGBT&#8217;leri yerle bir etmeleri, art\u0131k usand\u0131m&#8221; diyor ve ekliyor, &#8220;art\u0131k tamamen kad\u0131n olmak istiyorum&#8221;. E ol o zaman&#8230;<\/p>\n<p>De\u011ferli okurlar, siz hi\u00e7 askerlikten rapor almak \u00fczere \u015fubeye ba\u015fvurdunuz mu? \u015eubelerdeki personelin asker adaylar\u0131na ne kadar iyi davrand\u0131\u011f\u0131n\u0131 g\u00f6rd\u00fcn\u00fcz m\u00fc? Nedir bu insanlar\u0131n asker korkusu anlam\u0131yorum. \u00dclkemizde g\u00f6rev yapan t\u00fcm \u015fube ba\u015fkan\u0131 komutanlar\u0131m\u0131z, \u015fubelerde \u00e7al\u0131\u015fan sivil memurlar\u0131m\u0131z, hepsi de insanlara \u00e7ok yard\u0131mc\u0131 oluyorlar. Hastaneler de yine ayn\u0131 \u015fekilde. Yeti\u015fkin bir birey hastaneye ba\u015fvurdu\u011funda ve cinsiyet de\u011fi\u015ftirmek istedi\u011finde kurul toplan\u0131yor ve bunun ge\u00e7ici bir buhran m\u0131 yoksa ger\u00e7ekten ameliyat olunmas\u0131 gereken bir durum mu oldu\u011funa karar vermek \u00fczere derin bir bilimsel ara\u015ft\u0131rma yap\u0131yor. Bence bu ara\u015ft\u0131rman\u0131n uzun ve derinlemesine olmas\u0131 zaten hastaneye ba\u015fvuran ki\u015finin iyili\u011fine bir durum. Ard\u0131ndan kurul onay verirse cinsiyet de\u011fi\u015ftirme s\u00fcreci ba\u015fl\u0131yor. Bunun \u00f6n\u00fcnde \u00fclkemizde benim bildi\u011fim hi\u00e7bir engel yok.<\/p>\n<p>Peki hal b\u00f6yle iken M\u00fckremin neden her dakika sosyal medyada, ekranlarda s\u00fcrekli a\u011fl\u0131yor ve isyan ediyor? Tabi ki insanlar reaksiyon g\u00f6sterdik\u00e7e, payla\u015f\u0131p be\u011fendik\u00e7e \u00e7e\u015fitli mecralardan para kazand\u0131\u011f\u0131 i\u00e7in olabilir. Bunu bir \u015fov karakterine d\u00f6n\u00fc\u015ft\u00fcrm\u00fc\u015f ve yay\u0131nl\u0131yor da olabilir. Zaten herkesin cinsel hayat\u0131 kendine, bizi ilgilendirmez. Bahsetmeye \u00e7al\u0131\u015ft\u0131\u011f\u0131m olay da bu de\u011fil zaten&#8230;<\/p>\n<p style=\"text-align: center;\"><strong>Kad\u0131n Olmas\u0131na Kim Engel Oluyor?<\/strong><\/p>\n<p>M\u00fckremin&#8217;nin kendini ifade etti\u011fi c\u00fcmlelerden \u015funu anl\u0131yoruz, s\u00fcrekli birileri cinsiyet de\u011fi\u015ftirmesine engel oluyor, s\u00fcrekli cinsel hayat\u0131 y\u00fcz\u00fcnden zorbal\u0131\u011fa u\u011fruyor, s\u00fcrekli birileri onu askere gitmeye zorluyor vs. Konu\u015fmalar\u0131ndan bu \u015fekilde anla\u015f\u0131l\u0131yor, \u00f6yle de\u011fil mi? Kim bunlar\u0131 yapan? Madem bu kadar hayat\u0131 zorla\u015ft\u0131r\u0131yorlar kendisine, a\u00e7\u0131klas\u0131n, kim k\u00f6t\u00fcl\u00fck ediyor M\u00fckremin&#8217;e, kimlerin nas\u0131l zorluk ya\u015fatt\u0131\u011f\u0131n\u0131 a\u00e7\u0131klas\u0131n, bizler de M\u00fckremin&#8217;i destekleyelim, arkas\u0131nda dural\u0131m! De\u011ferli dostlar, benim rahmetli babam Milli Savunma Bakanl\u0131\u011f\u0131 emeklisi idi (ayn\u0131 zamanda y\u00fcksek edebiyat e\u011fitimi vard\u0131). Ben askeriyenin i\u00e7inde b\u00fcy\u00fcd\u00fcm. Hayat boyu bir askerden, bir polisten, bir devlet memurundan, bir doktordan k\u00f6t\u00fc bir niyet g\u00f6rmedim. Tabi ki arada istisnalar \u00e7\u0131kar, bilemem, ancak T\u00fcrkiye Cumhuriyeti&#8217;nin memuru, askeri, polisi, \u00f6\u011fretmeni, doktorunun art niyet g\u00fctmeyen, sonuna kadar g\u00fcvenilir insanlar oldu\u011funa y\u00fcrekten inan\u0131r\u0131m. Birisi \u00e7\u0131k\u0131p da benim vatanda\u015f\u0131 olmaktan gurur duydu\u011fum \u00fclkemin vatanda\u015f\u0131na, devletimizin emektar\u0131na laf ederse tepkimi g\u00f6steririm.<\/p>\n<p>Herkes \u00f6zel hayat\u0131nda istedi\u011fi gibi ya\u015famakta \u00f6zg\u00fcr. Ayn\u0131 zamanda herkes toplumsal ahlak\u0131, toplumsal de\u011ferleri korumakla da mesul! \u00dclkemizde LGBT birey olup ayn\u0131 zamanda vatan\u0131na milletine hay\u0131rl\u0131 doktorlar, avukatlar, \u00f6\u011fretmenler, memurlar, sanat\u00e7\u0131lar yok mu, \u00e7ok\u00e7a var. Ama ne yaz\u0131k ki oranlama yapt\u0131\u011f\u0131n\u0131zda, cahil, okumay\u0131 tercih etmemi\u015f, \u00e7al\u0131\u015fmak ve \u00fcretmek istemeyen, topluma fayda sa\u011flamamay\u0131 tercih eden, \u00f6zel hayat\u0131n\u0131 g\u00f6zler \u00f6n\u00fcnde ya\u015fayan, \u00e7\u0131\u011f\u0131rtan LGBT bireylerin say\u0131s\u0131 daha fazla. \u0130\u015fte tam da bu y\u00fczden halk i\u00e7inde homofobi art\u0131yor!<\/p>\n<p>Sonu\u00e7 olarak M\u00fckremin&#8217;in art\u0131k kendini ifade ederken daha hassas olmas\u0131 gerekti\u011fi d\u00fc\u015f\u00fcncesindeyim. Halk\u0131n tepkisini de\u011fil de sevgisini kazanmak olduk\u00e7a kolay, bence halk\u0131n sevgisini kazanmaya \u00e7al\u0131\u015fs\u0131n. Okusun, bir i\u015fe girsin, \u00e7al\u0131\u015fs\u0131n, kendini geli\u015ftirsin, g\u00fczel olmaz m\u0131?<\/p>\n<p>Umar\u0131m derdimi kimseyi k\u0131rmadan anlatabilmi\u015fimdir.<\/p>\n<p>Sevgiler&#8230;<\/p>\n<p>G\u00f6ksel Aksel<\/p>\n<p>&nbsp;<\/p>\n<p>&nbsp;<\/p>\n","protected":false},"excerpt":{"rendered":"<p>Son zamanlarda sosyal medyadan takibe ald\u0131\u011f\u0131m ve i\u00e7eriklerini sevimli, e\u011flenceli buldu\u011fun bir isim P\u0131nar Kerimo\u011flu. \u00dcnl\u00fc modac\u0131 d\u00f6rt y\u0131l \u00f6nce benim de yapt\u0131\u011f\u0131m formata benzer yeni nesil bir t\u00fcr &#8220;talk-show&#8221; haz\u0131rlay\u0131p sunuyor. En son M\u00fckremin Gezgin isimli sosyal medya fenomenini konuk ald\u0131\u011f\u0131na dair tan\u0131t\u0131m\u0131n\u0131 g\u00f6rd\u00fcm. Tan\u0131t\u0131mda M\u00fckremin Gezgin yine bir \u015feylere isyan ediyordu&#8230;<\/p>\n","protected":false},"author":4,"featured_media":2172,"comment_status":"open","ping_status":"open","sticky":false,"template":"","format":"standard","meta":{"footnotes":""},"categories":[67,20],"tags":[340,341,37,207,336,337,338,339,332,334,335,333],"class_list":["post-2171","post","type-post","status-publish","format-standard","has-post-thumbnail","hentry","category-gokselden-hashtag","category-yazilar","tag-askerden-nasil-rapor-alinir","tag-cinsiyet-degistirme-ameliyati","tag-goksel-aksel","tag-gokselden-hashtag","tag-homofobi","tag-homofobi-nedir","tag-lgbt-nedir","tag-lgbtq","tag-mukremin-gezgin","tag-mukremin-gezgin-kimdir","tag-mukremin-kimdir","tag-pinarkerimoglu"],"_links":{"self":[{"href":"https:\/\/gokselaksel.com\/blog\/wp-json\/wp\/v2\/posts\/2171","targetHints":{"allow":["GET"]}}],"collection":[{"href":"https:\/\/gokselaksel.com\/blog\/wp-json\/wp\/v2\/posts"}],"about":[{"href":"https:\/\/gokselaksel.com\/blog\/wp-json\/wp\/v2\/types\/post"}],"author":[{"embeddable":true,"href":"https:\/\/gokselaksel.com\/blog\/wp-json\/wp\/v2\/users\/4"}],"replies":[{"embeddable":true,"href":"https:\/\/gokselaksel.com\/blog\/wp-json\/wp\/v2\/comments?post=2171"}],"version-history":[{"count":1,"href":"https:\/\/gokselaksel.com\/blog\/wp-json\/wp\/v2\/posts\/2171\/revisions"}],"predecessor-version":[{"id":2173,"href":"https:\/\/gokselaksel.com\/blog\/wp-json\/wp\/v2\/posts\/2171\/revisions\/2173"}],"wp:featuredmedia":[{"embeddable":true,"href":"https:\/\/gokselaksel.com\/blog\/wp-json\/wp\/v2\/media\/2172"}],"wp:attachment":[{"href":"https:\/\/gokselaksel.com\/blog\/wp-json\/wp\/v2\/media?parent=2171"}],"wp:term":[{"taxonomy":"category","embeddable":true,"href":"https:\/\/gokselaksel.com\/blog\/wp-json\/wp\/v2\/categories?post=2171"},{"taxonomy":"post_tag","embeddable":true,"href":"https:\/\/gokselaksel.com\/blog\/wp-json\/wp\/v2\/tags?post=2171"}],"curies":[{"name":"wp","href":"https:\/\/api.w.org\/{rel}","templated":true}]}}